{"id":8811,"date":"2026-03-09T10:54:01","date_gmt":"2026-03-09T09:54:01","guid":{"rendered":"https:\/\/karine-immo.fr\/?p=8811"},"modified":"2026-04-20T14:06:53","modified_gmt":"2026-04-20T12:06:53","slug":"montanay545-000-e","status":"publish","type":"post","link":"https:\/\/karine-immo.fr\/index.php\/2026\/03\/09\/montanay545-000-e\/","title":{"rendered":"Montanay<br>545 000 \u20ac"},"content":{"rendered":"<p>Dans le coeur du village de Montanay, aux pieds des commodit\u00e9s, mais au calme, nous vous proposons un bien entre une maison de village et une fermette.<\/p>\n<p>Surface habitable environ 135 m2 + d\u00e9pendances attenantes de 110 m2 minimum (possibilit\u00e9 de cr\u00e9er un plancher suppl\u00e9mentaire pour 30 m2) + garage sur terrain clos 788 m2.<\/p>\n<p>Possibilit\u00e9 de modifier la maison actuelle, en un une propri\u00e9t\u00e9 en L, de 300 m2 habitable au total, ou bien, possibilit\u00e9 de cr\u00e9er un second logement attenant.<\/p>\n<p>Propri\u00e9t\u00e9 avec 2 acc\u00e8s distincts.<\/p>\n<p>Charme et r\u00e9novation de qualit\u00e9.<\/p>\n<p>La maison principale est en triplex, elle comprend : une cuisine avec buanderie, un s\u00e9jour avec cave en dessous, 3 ou 5 chambres (car les chambres sont tr\u00e8s grandes, au dessus de 20 m2 chacune), une grande salle de bains et 2 wc.\u00a0<\/p>\n<p>Toit neuf. R\u00e9novation r\u00e9cente. Chauffage gaz de ville.<\/p>\n<p>Tr\u00e8s jolie vue, terrain de p\u00e9tanque.\u00a0<\/p>\n<p>Possibilit\u00e9 de stationner plusieurs v\u00e9hicules.<\/p>\n\n<div class=\"pgc-sgb-cb wp-block-pgcsimplygalleryblock-slider \" data-gallery-id=\"c3d74892\" style=\"min-height:400px\"><div class=\"sgb-preloader\" id=\"pr_c3d74892\">\n\t<div class=\"sgb-square\" style=\"background:#d4d4d4\"><\/div>\n\t<div class=\"sgb-square\" style=\"background:#d4d4d4\"><\/div>\n\t<div class=\"sgb-square\" style=\"background:#d4d4d4\"><\/div>\n\t<div class=\"sgb-square\" style=\"background:#d4d4d4\"><\/div><\/div><div class=\"simply-gallery-amp pgc_sgb_slider \" style=\"display: none;\"><div class=\"sgb-gallery\"><div class=\"sgb-item\"><a href=\"https:\/\/karine-immo.fr\/index.php\/2026\/03\/09\/montanay545-000-e\/lacroix-f-montanay-1\/\" target=\"_blank\"><img loading=\"lazy\" decoding=\"async\" alt=\"\" width=\"300\" height=\"225\" loading=\"lazy\" src=\"https:\/\/karine-immo.fr\/wp-content\/uploads\/2026\/03\/Lacroix-F-Montanay-1-300x225.jpg\" srcset=\"https:\/\/karine-immo.fr\/wp-content\/uploads\/2026\/03\/Lacroix-F-Montanay-1-300x225.jpg 300w,https:\/\/karine-immo.fr\/wp-content\/uploads\/2026\/03\/Lacroix-F-Montanay-1-1024x768.jpg 1024w,https:\/\/karine-immo.fr\/wp-content\/uploads\/2026\/03\/Lacroix-F-Montanay-1.jpg 2040w\" sizes=\"250px\"\/><\/a><\/div><div class=\"sgb-item\"><a href=\"https:\/\/karine-immo.fr\/index.php\/2026\/03\/09\/montanay545-000-e\/lacroix-f-montanay-3\/\" target=\"_blank\"><img loading=\"lazy\" decoding=\"async\" alt=\"\" width=\"300\" height=\"225\" loading=\"lazy\" src=\"https:\/\/karine-immo.fr\/wp-content\/uploads\/2026\/03\/Lacroix-F-Montanay-3-300x225.jpg\" srcset=\"https:\/\/karine-immo.fr\/wp-content\/uploads\/2026\/03\/Lacroix-F-Montanay-3-300x225.jpg 300w,https:\/\/karine-immo.fr\/wp-content\/uploads\/2026\/03\/Lacroix-F-Montanay-3-1024x768.jpg 1024w,https:\/\/karine-immo.fr\/wp-content\/uploads\/2026\/03\/Lacroix-F-Montanay-3.jpg 2040w\" sizes=\"250px\"\/><\/a><\/div><div class=\"sgb-item\"><a href=\"https:\/\/karine-immo.fr\/index.php\/2026\/03\/09\/montanay545-000-e\/lacroix-f-montanay-4\/\" target=\"_blank\"><img loading=\"lazy\" decoding=\"async\" alt=\"\" width=\"300\" height=\"225\" loading=\"lazy\" src=\"https:\/\/karine-immo.fr\/wp-content\/uploads\/2026\/03\/Lacroix-F-Montanay-4-300x225.jpg\" srcset=\"https:\/\/karine-immo.fr\/wp-content\/uploads\/2026\/03\/Lacroix-F-Montanay-4-300x225.jpg 300w,https:\/\/karine-immo.fr\/wp-content\/uploads\/2026\/03\/Lacroix-F-Montanay-4-1024x768.jpg 1024w,https:\/\/karine-immo.fr\/wp-content\/uploads\/2026\/03\/Lacroix-F-Montanay-4.jpg 2016w\" sizes=\"250px\"\/><\/a><\/div><div class=\"sgb-item\"><a href=\"https:\/\/karine-immo.fr\/index.php\/2026\/03\/09\/montanay545-000-e\/attachment\/1000082214\/\" target=\"_blank\"><img loading=\"lazy\" decoding=\"async\" alt=\"\" width=\"300\" height=\"225\" loading=\"lazy\" src=\"https:\/\/karine-immo.fr\/wp-content\/uploads\/2026\/03\/1000082214-300x225.jpg\" srcset=\"https:\/\/karine-immo.fr\/wp-content\/uploads\/2026\/03\/1000082214-300x225.jpg 300w,https:\/\/karine-immo.fr\/wp-content\/uploads\/2026\/03\/1000082214-1024x768.jpg 1024w,https:\/\/karine-immo.fr\/wp-content\/uploads\/2026\/03\/1000082214-scaled.jpg 2560w\" sizes=\"250px\"\/><\/a><\/div><div class=\"sgb-item\"><a href=\"https:\/\/karine-immo.fr\/index.php\/2026\/03\/09\/montanay545-000-e\/1000082183-2\/\" target=\"_blank\"><img loading=\"lazy\" decoding=\"async\" alt=\"\" width=\"300\" height=\"225\" loading=\"lazy\" src=\"https:\/\/karine-immo.fr\/wp-content\/uploads\/2026\/03\/1000082183-1-300x225.jpg\" srcset=\"https:\/\/karine-immo.fr\/wp-content\/uploads\/2026\/03\/1000082183-1-300x225.jpg 300w,https:\/\/karine-immo.fr\/wp-content\/uploads\/2026\/03\/1000082183-1.jpg 1024w\" sizes=\"250px\"\/><\/a><\/div><div class=\"sgb-item\"><a href=\"https:\/\/karine-immo.fr\/index.php\/2026\/03\/09\/montanay545-000-e\/img_3889\/\" target=\"_blank\"><img loading=\"lazy\" decoding=\"async\" alt=\"\" width=\"300\" height=\"225\" loading=\"lazy\" src=\"https:\/\/karine-immo.fr\/wp-content\/uploads\/2026\/03\/IMG_3889-300x225.jpeg\" srcset=\"https:\/\/karine-immo.fr\/wp-content\/uploads\/2026\/03\/IMG_3889-300x225.jpeg 300w,https:\/\/karine-immo.fr\/wp-content\/uploads\/2026\/03\/IMG_3889-1024x768.jpeg 1024w,https:\/\/karine-immo.fr\/wp-content\/uploads\/2026\/03\/IMG_3889.jpeg 2016w\" sizes=\"250px\"\/><\/a><\/div><div class=\"sgb-item\"><a href=\"https:\/\/karine-immo.fr\/index.php\/2026\/03\/09\/montanay545-000-e\/1000083222-2\/\" target=\"_blank\"><img loading=\"lazy\" decoding=\"async\" alt=\"\" width=\"300\" height=\"225\" loading=\"lazy\" src=\"https:\/\/karine-immo.fr\/wp-content\/uploads\/2026\/03\/1000083222-1-300x225.jpg\" srcset=\"https:\/\/karine-immo.fr\/wp-content\/uploads\/2026\/03\/1000083222-1-300x225.jpg 300w,https:\/\/karine-immo.fr\/wp-content\/uploads\/2026\/03\/1000083222-1.jpg 1024w\" sizes=\"250px\"\/><\/a><\/div><div class=\"sgb-item\"><a href=\"https:\/\/karine-immo.fr\/index.php\/2026\/03\/09\/montanay545-000-e\/1000083228-2\/\" target=\"_blank\"><img loading=\"lazy\" decoding=\"async\" alt=\"\" width=\"300\" height=\"225\" loading=\"lazy\" src=\"https:\/\/karine-immo.fr\/wp-content\/uploads\/2026\/03\/1000083228-1-300x225.jpg\" srcset=\"https:\/\/karine-immo.fr\/wp-content\/uploads\/2026\/03\/1000083228-1-300x225.jpg 300w,https:\/\/karine-immo.fr\/wp-content\/uploads\/2026\/03\/1000083228-1.jpg 1024w\" sizes=\"250px\"\/><\/a><\/div><div class=\"sgb-item\"><a href=\"https:\/\/karine-immo.fr\/index.php\/2026\/03\/09\/montanay545-000-e\/img_3895\/\" target=\"_blank\"><img loading=\"lazy\" decoding=\"async\" alt=\"\" width=\"300\" height=\"225\" loading=\"lazy\" src=\"https:\/\/karine-immo.fr\/wp-content\/uploads\/2026\/03\/IMG_3895-300x225.jpeg\" srcset=\"https:\/\/karine-immo.fr\/wp-content\/uploads\/2026\/03\/IMG_3895-300x225.jpeg 300w,https:\/\/karine-immo.fr\/wp-content\/uploads\/2026\/03\/IMG_3895-1024x768.jpeg 1024w,https:\/\/karine-immo.fr\/wp-content\/uploads\/2026\/03\/IMG_3895.jpeg 2016w\" sizes=\"250px\"\/><\/a><\/div><div class=\"sgb-item\"><a href=\"https:\/\/karine-immo.fr\/index.php\/2026\/03\/09\/montanay545-000-e\/img_3897\/\" target=\"_blank\"><img loading=\"lazy\" decoding=\"async\" alt=\"\" width=\"300\" height=\"225\" loading=\"lazy\" src=\"https:\/\/karine-immo.fr\/wp-content\/uploads\/2026\/03\/IMG_3897-300x225.jpeg\" srcset=\"https:\/\/karine-immo.fr\/wp-content\/uploads\/2026\/03\/IMG_3897-300x225.jpeg 300w,https:\/\/karine-immo.fr\/wp-content\/uploads\/2026\/03\/IMG_3897-1024x768.jpeg 1024w,https:\/\/karine-immo.fr\/wp-content\/uploads\/2026\/03\/IMG_3897.jpeg 2016w\" sizes=\"250px\"\/><\/a><\/div><div class=\"sgb-item\"><a href=\"https:\/\/karine-immo.fr\/index.php\/2026\/03\/09\/montanay545-000-e\/img_3898\/\" target=\"_blank\"><img loading=\"lazy\" decoding=\"async\" alt=\"\" width=\"300\" height=\"225\" loading=\"lazy\" src=\"https:\/\/karine-immo.fr\/wp-content\/uploads\/2026\/03\/IMG_3898-300x225.jpeg\" srcset=\"https:\/\/karine-immo.fr\/wp-content\/uploads\/2026\/03\/IMG_3898-300x225.jpeg 300w,https:\/\/karine-immo.fr\/wp-content\/uploads\/2026\/03\/IMG_3898-1024x768.jpeg 1024w,https:\/\/karine-immo.fr\/wp-content\/uploads\/2026\/03\/IMG_3898.jpeg 2016w\" sizes=\"250px\"\/><\/a><\/div><div class=\"sgb-item\"><a href=\"https:\/\/karine-immo.fr\/index.php\/2026\/03\/09\/montanay545-000-e\/img_3899\/\" target=\"_blank\"><img loading=\"lazy\" decoding=\"async\" alt=\"\" width=\"300\" height=\"225\" loading=\"lazy\" src=\"https:\/\/karine-immo.fr\/wp-content\/uploads\/2026\/03\/IMG_3899-300x225.jpeg\" srcset=\"https:\/\/karine-immo.fr\/wp-content\/uploads\/2026\/03\/IMG_3899-300x225.jpeg 300w,https:\/\/karine-immo.fr\/wp-content\/uploads\/2026\/03\/IMG_3899-1024x768.jpeg 1024w,https:\/\/karine-immo.fr\/wp-content\/uploads\/2026\/03\/IMG_3899.jpeg 2016w\" sizes=\"250px\"\/><\/a><\/div><div class=\"sgb-item\"><a href=\"https:\/\/karine-immo.fr\/index.php\/2026\/03\/09\/montanay545-000-e\/img_3902\/\" target=\"_blank\"><img loading=\"lazy\" decoding=\"async\" alt=\"\" width=\"300\" height=\"225\" loading=\"lazy\" src=\"https:\/\/karine-immo.fr\/wp-content\/uploads\/2026\/03\/IMG_3902-300x225.jpeg\" srcset=\"https:\/\/karine-immo.fr\/wp-content\/uploads\/2026\/03\/IMG_3902-300x225.jpeg 300w,https:\/\/karine-immo.fr\/wp-content\/uploads\/2026\/03\/IMG_3902-1024x768.jpeg 1024w,https:\/\/karine-immo.fr\/wp-content\/uploads\/2026\/03\/IMG_3902.jpeg 2016w\" sizes=\"250px\"\/><\/a><\/div><div class=\"sgb-item\"><a href=\"https:\/\/karine-immo.fr\/index.php\/2026\/03\/09\/montanay545-000-e\/img_3903\/\" target=\"_blank\"><img loading=\"lazy\" decoding=\"async\" alt=\"\" width=\"225\" height=\"300\" loading=\"lazy\" src=\"https:\/\/karine-immo.fr\/wp-content\/uploads\/2026\/03\/IMG_3903-225x300.jpeg\" srcset=\"https:\/\/karine-immo.fr\/wp-content\/uploads\/2026\/03\/IMG_3903-225x300.jpeg 225w,https:\/\/karine-immo.fr\/wp-content\/uploads\/2026\/03\/IMG_3903-768x1024.jpeg 768w,https:\/\/karine-immo.fr\/wp-content\/uploads\/2026\/03\/IMG_3903-rotated.jpeg 1512w\" sizes=\"250px\"\/><\/a><\/div><div class=\"sgb-item\"><a href=\"https:\/\/karine-immo.fr\/index.php\/2026\/03\/09\/montanay545-000-e\/img_3904\/\" target=\"_blank\"><img loading=\"lazy\" decoding=\"async\" alt=\"\" width=\"300\" height=\"225\" loading=\"lazy\" src=\"https:\/\/karine-immo.fr\/wp-content\/uploads\/2026\/03\/IMG_3904-300x225.jpeg\" srcset=\"https:\/\/karine-immo.fr\/wp-content\/uploads\/2026\/03\/IMG_3904-300x225.jpeg 300w,https:\/\/karine-immo.fr\/wp-content\/uploads\/2026\/03\/IMG_3904-1024x768.jpeg 1024w,https:\/\/karine-immo.fr\/wp-content\/uploads\/2026\/03\/IMG_3904.jpeg 2016w\" sizes=\"250px\"\/><\/a><\/div><div class=\"sgb-item\"><a href=\"https:\/\/karine-immo.fr\/index.php\/2026\/03\/09\/montanay545-000-e\/img_3906\/\" target=\"_blank\"><img loading=\"lazy\" decoding=\"async\" alt=\"\" width=\"300\" height=\"225\" loading=\"lazy\" src=\"https:\/\/karine-immo.fr\/wp-content\/uploads\/2026\/03\/IMG_3906-300x225.jpeg\" srcset=\"https:\/\/karine-immo.fr\/wp-content\/uploads\/2026\/03\/IMG_3906-300x225.jpeg 300w,https:\/\/karine-immo.fr\/wp-content\/uploads\/2026\/03\/IMG_3906-1024x768.jpeg 1024w,https:\/\/karine-immo.fr\/wp-content\/uploads\/2026\/03\/IMG_3906.jpeg 2016w\" sizes=\"250px\"\/><\/a><\/div><div class=\"sgb-item\"><a href=\"https:\/\/karine-immo.fr\/index.php\/2026\/03\/09\/montanay545-000-e\/img_3907\/\" target=\"_blank\"><img loading=\"lazy\" decoding=\"async\" alt=\"\" width=\"300\" height=\"225\" loading=\"lazy\" src=\"https:\/\/karine-immo.fr\/wp-content\/uploads\/2026\/03\/IMG_3907-300x225.jpeg\" srcset=\"https:\/\/karine-immo.fr\/wp-content\/uploads\/2026\/03\/IMG_3907-300x225.jpeg 300w,https:\/\/karine-immo.fr\/wp-content\/uploads\/2026\/03\/IMG_3907-1024x768.jpeg 1024w,https:\/\/karine-immo.fr\/wp-content\/uploads\/2026\/03\/IMG_3907.jpeg 2016w\" sizes=\"250px\"\/><\/a><\/div><div class=\"sgb-item\"><a href=\"https:\/\/karine-immo.fr\/index.php\/2026\/03\/09\/montanay545-000-e\/lacroix-f-montanay-6-jpg\/\" target=\"_blank\"><img loading=\"lazy\" decoding=\"async\" alt=\"\" width=\"169\" height=\"300\" loading=\"lazy\" src=\"https:\/\/karine-immo.fr\/wp-content\/uploads\/2026\/03\/Lacroix-F-Montanay-6.jpg-169x300.jpg\" srcset=\"https:\/\/karine-immo.fr\/wp-content\/uploads\/2026\/03\/Lacroix-F-Montanay-6.jpg-169x300.jpg 169w,https:\/\/karine-immo.fr\/wp-content\/uploads\/2026\/03\/Lacroix-F-Montanay-6.jpg-576x1024.jpg 576w,https:\/\/karine-immo.fr\/wp-content\/uploads\/2026\/03\/Lacroix-F-Montanay-6.jpg.jpg 1134w\" sizes=\"250px\"\/><\/a><\/div><div class=\"sgb-item\"><a href=\"https:\/\/karine-immo.fr\/index.php\/2026\/03\/09\/montanay545-000-e\/lacroix-f-montanay-5-jpg\/\" target=\"_blank\"><img loading=\"lazy\" decoding=\"async\" alt=\"\" width=\"169\" height=\"300\" loading=\"lazy\" src=\"https:\/\/karine-immo.fr\/wp-content\/uploads\/2026\/03\/Lacroix-F-Montanay-5.jpg-169x300.jpg\" srcset=\"https:\/\/karine-immo.fr\/wp-content\/uploads\/2026\/03\/Lacroix-F-Montanay-5.jpg-169x300.jpg 169w,https:\/\/karine-immo.fr\/wp-content\/uploads\/2026\/03\/Lacroix-F-Montanay-5.jpg-576x1024.jpg 576w,https:\/\/karine-immo.fr\/wp-content\/uploads\/2026\/03\/Lacroix-F-Montanay-5.jpg.jpg 1134w\" sizes=\"250px\"\/><\/a><\/div><div class=\"sgb-item\"><a href=\"https:\/\/karine-immo.fr\/index.php\/2026\/03\/09\/montanay545-000-e\/lacroix-f-montanay-4-jpg\/\" target=\"_blank\"><img loading=\"lazy\" decoding=\"async\" alt=\"\" width=\"300\" height=\"169\" loading=\"lazy\" src=\"https:\/\/karine-immo.fr\/wp-content\/uploads\/2026\/03\/Lacroix-F-Montanay-4.jpg-300x169.jpg\" srcset=\"https:\/\/karine-immo.fr\/wp-content\/uploads\/2026\/03\/Lacroix-F-Montanay-4.jpg-300x169.jpg 300w,https:\/\/karine-immo.fr\/wp-content\/uploads\/2026\/03\/Lacroix-F-Montanay-4.jpg-1024x576.jpg 1024w,https:\/\/karine-immo.fr\/wp-content\/uploads\/2026\/03\/Lacroix-F-Montanay-4.jpg.jpg 2016w\" sizes=\"250px\"\/><\/a><\/div><div class=\"sgb-item\"><a href=\"https:\/\/karine-immo.fr\/index.php\/2026\/03\/09\/montanay545-000-e\/lacroix-f-montanay-2\/\" target=\"_blank\"><img loading=\"lazy\" decoding=\"async\" alt=\"\" width=\"300\" height=\"188\" loading=\"lazy\" src=\"https:\/\/karine-immo.fr\/wp-content\/uploads\/2026\/03\/Lacroix-F-Montanay-2-300x188.jpg\" srcset=\"https:\/\/karine-immo.fr\/wp-content\/uploads\/2026\/03\/Lacroix-F-Montanay-2-300x188.jpg 300w,https:\/\/karine-immo.fr\/wp-content\/uploads\/2026\/03\/Lacroix-F-Montanay-2-1024x642.jpg 1024w,https:\/\/karine-immo.fr\/wp-content\/uploads\/2026\/03\/Lacroix-F-Montanay-2.jpg 2016w\" sizes=\"250px\"\/><\/a><\/div><\/div><\/div><script type=\"application\/json\" class=\"sgb-data\">{\"sliderAdminWidth\":800,\"galleryType\":\"pgc_sgb_slider\",\"galleryId\":\"c3d74892\",\"images\":[{\"id\":8815,\"title\":\"Lacroix F Montanay (1)\",\"url\":\"https:\/\/karine-immo.fr\/wp-content\/uploads\/2026\/03\/Lacroix-F-Montanay-1.jpg\",\"link\":\"https:\/\/karine-immo.fr\/index.php\/2026\/03\/09\/montanay545-000-e\/lacroix-f-montanay-1\/\",\"alt\":\"\",\"description\":\"\",\"caption\":\"\",\"mime\":\"image\/jpeg\",\"type\":\"image\",\"width\":2040,\"height\":1530,\"sizes\":{\"thumbnail\":{\"url\":\"https:\/\/karine-immo.fr\/wp-content\/uploads\/2026\/03\/Lacroix-F-Montanay-1-150x150.jpg\",\"height\":150,\"width\":150,\"orientation\":\"landscape\"},\"medium\":{\"url\":\"https:\/\/karine-immo.fr\/wp-content\/uploads\/2026\/03\/Lacroix-F-Montanay-1-300x225.jpg\",\"height\":225,\"width\":300,\"orientation\":\"landscape\"},\"large\":{\"url\":\"https:\/\/karine-immo.fr\/wp-content\/uploads\/2026\/03\/Lacroix-F-Montanay-1-1024x768.jpg\",\"height\":768,\"width\":1024,\"orientation\":\"landscape\"},\"full\":{\"url\":\"https:\/\/karine-immo.fr\/wp-content\/uploads\/2026\/03\/Lacroix-F-Montanay-1.jpg\",\"height\":1530,\"width\":2040,\"orientation\":\"landscape\"}},\"imageMeta\":{\"aperture\":\"0\",\"credit\":\"\",\"camera\":\"\",\"caption\":\"\",\"created_timestamp\":\"0\",\"copyright\":\"\",\"focal_length\":\"0\",\"iso\":\"0\",\"shutter_speed\":\"0\",\"title\":\"\",\"orientation\":\"1\",\"keywords\":[]},\"meta\":false,\"postlink\":\"https:\/\/karine-immo.fr\/index.php\/2026\/03\/09\/montanay545-000-e\/lacroix-f-montanay-1\/\"},{\"id\":8817,\"title\":\"Lacroix F Montanay (3)\",\"url\":\"https:\/\/karine-immo.fr\/wp-content\/uploads\/2026\/03\/Lacroix-F-Montanay-3.jpg\",\"link\":\"https:\/\/karine-immo.fr\/index.php\/2026\/03\/09\/montanay545-000-e\/lacroix-f-montanay-3\/\",\"alt\":\"\",\"description\":\"\",\"caption\":\"\",\"mime\":\"image\/jpeg\",\"type\":\"image\",\"width\":2040,\"height\":1530,\"sizes\":{\"thumbnail\":{\"url\":\"https:\/\/karine-immo.fr\/wp-content\/uploads\/2026\/03\/Lacroix-F-Montanay-3-150x150.jpg\",\"height\":150,\"width\":150,\"orientation\":\"landscape\"},\"medium\":{\"url\":\"https:\/\/karine-immo.fr\/wp-content\/uploads\/2026\/03\/Lacroix-F-Montanay-3-300x225.jpg\",\"height\":225,\"width\":300,\"orientation\":\"landscape\"},\"large\":{\"url\":\"https:\/\/karine-immo.fr\/wp-content\/uploads\/2026\/03\/Lacroix-F-Montanay-3-1024x768.jpg\",\"height\":768,\"width\":1024,\"orientation\":\"landscape\"},\"full\":{\"url\":\"https:\/\/karine-immo.fr\/wp-content\/uploads\/2026\/03\/Lacroix-F-Montanay-3.jpg\",\"height\":1530,\"width\":2040,\"orientation\":\"landscape\"}},\"imageMeta\":{\"aperture\":\"0\",\"credit\":\"\",\"camera\":\"\",\"caption\":\"\",\"created_timestamp\":\"0\",\"copyright\":\"\",\"focal_length\":\"0\",\"iso\":\"0\",\"shutter_speed\":\"0\",\"title\":\"\",\"orientation\":\"1\",\"keywords\":[]},\"meta\":false,\"postlink\":\"https:\/\/karine-immo.fr\/index.php\/2026\/03\/09\/montanay545-000-e\/lacroix-f-montanay-3\/\"},{\"id\":8818,\"title\":\"Lacroix F Montanay (4)\",\"url\":\"https:\/\/karine-immo.fr\/wp-content\/uploads\/2026\/03\/Lacroix-F-Montanay-4.jpg\",\"link\":\"https:\/\/karine-immo.fr\/index.php\/2026\/03\/09\/montanay545-000-e\/lacroix-f-montanay-4\/\",\"alt\":\"\",\"description\":\"\",\"caption\":\"\",\"mime\":\"image\/jpeg\",\"type\":\"image\",\"width\":2016,\"height\":1512,\"sizes\":{\"thumbnail\":{\"url\":\"https:\/\/karine-immo.fr\/wp-content\/uploads\/2026\/03\/Lacroix-F-Montanay-4-150x150.jpg\",\"height\":150,\"width\":150,\"orientation\":\"landscape\"},\"medium\":{\"url\":\"https:\/\/karine-immo.fr\/wp-content\/uploads\/2026\/03\/Lacroix-F-Montanay-4-300x225.jpg\",\"height\":225,\"width\":300,\"orientation\":\"landscape\"},\"large\":{\"url\":\"https:\/\/karine-immo.fr\/wp-content\/uploads\/2026\/03\/Lacroix-F-Montanay-4-1024x768.jpg\",\"height\":768,\"width\":1024,\"orientation\":\"landscape\"},\"full\":{\"url\":\"https:\/\/karine-immo.fr\/wp-content\/uploads\/2026\/03\/Lacroix-F-Montanay-4.jpg\",\"height\":1512,\"width\":2016,\"orientation\":\"landscape\"}},\"imageMeta\":{\"aperture\":\"0\",\"credit\":\"\",\"camera\":\"\",\"caption\":\"\",\"created_timestamp\":\"0\",\"copyright\":\"\",\"focal_length\":\"0\",\"iso\":\"0\",\"shutter_speed\":\"0\",\"title\":\"\",\"orientation\":\"1\",\"keywords\":[]},\"meta\":false,\"postlink\":\"https:\/\/karine-immo.fr\/index.php\/2026\/03\/09\/montanay545-000-e\/lacroix-f-montanay-4\/\"},{\"id\":8951,\"title\":\"1000082214\",\"url\":\"https:\/\/karine-immo.fr\/wp-content\/uploads\/2026\/03\/1000082214-scaled.jpg\",\"link\":\"https:\/\/karine-immo.fr\/index.php\/2026\/03\/09\/montanay545-000-e\/attachment\/1000082214\/\",\"alt\":\"\",\"description\":\"\",\"caption\":\"\",\"mime\":\"image\/jpeg\",\"type\":\"image\",\"width\":2560,\"height\":1920,\"sizes\":{\"thumbnail\":{\"url\":\"https:\/\/karine-immo.fr\/wp-content\/uploads\/2026\/03\/1000082214-150x150.jpg\",\"height\":150,\"width\":150,\"orientation\":\"landscape\"},\"medium\":{\"url\":\"https:\/\/karine-immo.fr\/wp-content\/uploads\/2026\/03\/1000082214-300x225.jpg\",\"height\":225,\"width\":300,\"orientation\":\"landscape\"},\"large\":{\"url\":\"https:\/\/karine-immo.fr\/wp-content\/uploads\/2026\/03\/1000082214-1024x768.jpg\",\"height\":768,\"width\":1024,\"orientation\":\"landscape\"},\"full\":{\"url\":\"https:\/\/karine-immo.fr\/wp-content\/uploads\/2026\/03\/1000082214-scaled.jpg\",\"height\":1920,\"width\":2560,\"orientation\":\"landscape\"}},\"imageMeta\":{\"aperture\":\"1.8\",\"credit\":\"\",\"camera\":\"Galaxy A55 5G\",\"caption\":\"\",\"created_timestamp\":\"1775907356\",\"copyright\":\"\",\"focal_length\":\"5.54\",\"iso\":\"64\",\"shutter_speed\":\"0.0083\",\"title\":\"\",\"orientation\":\"1\",\"keywords\":[]},\"meta\":false,\"postlink\":\"https:\/\/karine-immo.fr\/index.php\/2026\/03\/09\/montanay545-000-e\/attachment\/1000082214\/\"},{\"id\":8955,\"title\":\"1000082183\",\"url\":\"https:\/\/karine-immo.fr\/wp-content\/uploads\/2026\/03\/1000082183-1.jpg\",\"link\":\"https:\/\/karine-immo.fr\/index.php\/2026\/03\/09\/montanay545-000-e\/1000082183-2\/\",\"alt\":\"\",\"description\":\"\",\"caption\":\"\",\"mime\":\"image\/jpeg\",\"type\":\"image\",\"width\":1024,\"height\":768,\"sizes\":{\"thumbnail\":{\"url\":\"https:\/\/karine-immo.fr\/wp-content\/uploads\/2026\/03\/1000082183-1-150x150.jpg\",\"height\":150,\"width\":150,\"orientation\":\"landscape\"},\"medium\":{\"url\":\"https:\/\/karine-immo.fr\/wp-content\/uploads\/2026\/03\/1000082183-1-300x225.jpg\",\"height\":225,\"width\":300,\"orientation\":\"landscape\"},\"full\":{\"url\":\"https:\/\/karine-immo.fr\/wp-content\/uploads\/2026\/03\/1000082183-1.jpg\",\"height\":768,\"width\":1024,\"orientation\":\"landscape\"}},\"imageMeta\":{\"aperture\":\"0\",\"credit\":\"\",\"camera\":\"\",\"caption\":\"\",\"created_timestamp\":\"0\",\"copyright\":\"\",\"focal_length\":\"0\",\"iso\":\"0\",\"shutter_speed\":\"0\",\"title\":\"\",\"orientation\":\"0\",\"keywords\":[]},\"meta\":false,\"postlink\":\"https:\/\/karine-immo.fr\/index.php\/2026\/03\/09\/montanay545-000-e\/1000082183-2\/\"},{\"id\":8849,\"title\":\"IMG_3889\",\"url\":\"https:\/\/karine-immo.fr\/wp-content\/uploads\/2026\/03\/IMG_3889.jpeg\",\"link\":\"https:\/\/karine-immo.fr\/index.php\/2026\/03\/09\/montanay545-000-e\/img_3889\/\",\"alt\":\"\",\"description\":\"\",\"caption\":\"\",\"mime\":\"image\/jpeg\",\"type\":\"image\",\"width\":2016,\"height\":1512,\"sizes\":{\"thumbnail\":{\"url\":\"https:\/\/karine-immo.fr\/wp-content\/uploads\/2026\/03\/IMG_3889-150x150.jpeg\",\"height\":150,\"width\":150,\"orientation\":\"landscape\"},\"medium\":{\"url\":\"https:\/\/karine-immo.fr\/wp-content\/uploads\/2026\/03\/IMG_3889-300x225.jpeg\",\"height\":225,\"width\":300,\"orientation\":\"landscape\"},\"large\":{\"url\":\"https:\/\/karine-immo.fr\/wp-content\/uploads\/2026\/03\/IMG_3889-1024x768.jpeg\",\"height\":768,\"width\":1024,\"orientation\":\"landscape\"},\"full\":{\"url\":\"https:\/\/karine-immo.fr\/wp-content\/uploads\/2026\/03\/IMG_3889.jpeg\",\"height\":1512,\"width\":2016,\"orientation\":\"landscape\"}},\"imageMeta\":{\"aperture\":\"0\",\"credit\":\"\",\"camera\":\"\",\"caption\":\"\",\"created_timestamp\":\"0\",\"copyright\":\"\",\"focal_length\":\"0\",\"iso\":\"0\",\"shutter_speed\":\"0\",\"title\":\"\",\"orientation\":\"1\",\"keywords\":[]},\"meta\":false,\"postlink\":\"https:\/\/karine-immo.fr\/index.php\/2026\/03\/09\/montanay545-000-e\/img_3889\/\"},{\"id\":8957,\"title\":\"1000083222\",\"url\":\"https:\/\/karine-immo.fr\/wp-content\/uploads\/2026\/03\/1000083222-1.jpg\",\"link\":\"https:\/\/karine-immo.fr\/index.php\/2026\/03\/09\/montanay545-000-e\/1000083222-2\/\",\"alt\":\"\",\"description\":\"\",\"caption\":\"\",\"mime\":\"image\/jpeg\",\"type\":\"image\",\"width\":1024,\"height\":768,\"sizes\":{\"thumbnail\":{\"url\":\"https:\/\/karine-immo.fr\/wp-content\/uploads\/2026\/03\/1000083222-1-150x150.jpg\",\"height\":150,\"width\":150,\"orientation\":\"landscape\"},\"medium\":{\"url\":\"https:\/\/karine-immo.fr\/wp-content\/uploads\/2026\/03\/1000083222-1-300x225.jpg\",\"height\":225,\"width\":300,\"orientation\":\"landscape\"},\"full\":{\"url\":\"https:\/\/karine-immo.fr\/wp-content\/uploads\/2026\/03\/1000083222-1.jpg\",\"height\":768,\"width\":1024,\"orientation\":\"landscape\"}},\"imageMeta\":{\"aperture\":\"0\",\"credit\":\"\",\"camera\":\"\",\"caption\":\"\",\"created_timestamp\":\"0\",\"copyright\":\"\",\"focal_length\":\"0\",\"iso\":\"0\",\"shutter_speed\":\"0\",\"title\":\"\",\"orientation\":\"0\",\"keywords\":[]},\"meta\":false,\"postlink\":\"https:\/\/karine-immo.fr\/index.php\/2026\/03\/09\/montanay545-000-e\/1000083222-2\/\"},{\"id\":8958,\"title\":\"1000083228\",\"url\":\"https:\/\/karine-immo.fr\/wp-content\/uploads\/2026\/03\/1000083228-1.jpg\",\"link\":\"https:\/\/karine-immo.fr\/index.php\/2026\/03\/09\/montanay545-000-e\/1000083228-2\/\",\"alt\":\"\",\"description\":\"\",\"caption\":\"\",\"mime\":\"image\/jpeg\",\"type\":\"image\",\"width\":1024,\"height\":768,\"sizes\":{\"thumbnail\":{\"url\":\"https:\/\/karine-immo.fr\/wp-content\/uploads\/2026\/03\/1000083228-1-150x150.jpg\",\"height\":150,\"width\":150,\"orientation\":\"landscape\"},\"medium\":{\"url\":\"https:\/\/karine-immo.fr\/wp-content\/uploads\/2026\/03\/1000083228-1-300x225.jpg\",\"height\":225,\"width\":300,\"orientation\":\"landscape\"},\"full\":{\"url\":\"https:\/\/karine-immo.fr\/wp-content\/uploads\/2026\/03\/1000083228-1.jpg\",\"height\":768,\"width\":1024,\"orientation\":\"landscape\"}},\"imageMeta\":{\"aperture\":\"0\",\"credit\":\"\",\"camera\":\"\",\"caption\":\"\",\"created_timestamp\":\"0\",\"copyright\":\"\",\"focal_length\":\"0\",\"iso\":\"0\",\"shutter_speed\":\"0\",\"title\":\"\",\"orientation\":\"0\",\"keywords\":[]},\"meta\":false,\"postlink\":\"https:\/\/karine-immo.fr\/index.php\/2026\/03\/09\/montanay545-000-e\/1000083228-2\/\"},{\"id\":8853,\"title\":\"IMG_3895\",\"url\":\"https:\/\/karine-immo.fr\/wp-content\/uploads\/2026\/03\/IMG_3895.jpeg\",\"link\":\"https:\/\/karine-immo.fr\/index.php\/2026\/03\/09\/montanay545-000-e\/img_3895\/\",\"alt\":\"\",\"description\":\"\",\"caption\":\"\",\"mime\":\"image\/jpeg\",\"type\":\"image\",\"width\":2016,\"height\":1512,\"sizes\":{\"thumbnail\":{\"url\":\"https:\/\/karine-immo.fr\/wp-content\/uploads\/2026\/03\/IMG_3895-150x150.jpeg\",\"height\":150,\"width\":150,\"orientation\":\"landscape\"},\"medium\":{\"url\":\"https:\/\/karine-immo.fr\/wp-content\/uploads\/2026\/03\/IMG_3895-300x225.jpeg\",\"height\":225,\"width\":300,\"orientation\":\"landscape\"},\"large\":{\"url\":\"https:\/\/karine-immo.fr\/wp-content\/uploads\/2026\/03\/IMG_3895-1024x768.jpeg\",\"height\":768,\"width\":1024,\"orientation\":\"landscape\"},\"full\":{\"url\":\"https:\/\/karine-immo.fr\/wp-content\/uploads\/2026\/03\/IMG_3895.jpeg\",\"height\":1512,\"width\":2016,\"orientation\":\"landscape\"}},\"imageMeta\":{\"aperture\":\"0\",\"credit\":\"\",\"camera\":\"\",\"caption\":\"\",\"created_timestamp\":\"0\",\"copyright\":\"\",\"focal_length\":\"0\",\"iso\":\"0\",\"shutter_speed\":\"0\",\"title\":\"\",\"orientation\":\"1\",\"keywords\":[]},\"meta\":false,\"postlink\":\"https:\/\/karine-immo.fr\/index.php\/2026\/03\/09\/montanay545-000-e\/img_3895\/\"},{\"id\":8854,\"title\":\"IMG_3897\",\"url\":\"https:\/\/karine-immo.fr\/wp-content\/uploads\/2026\/03\/IMG_3897.jpeg\",\"link\":\"https:\/\/karine-immo.fr\/index.php\/2026\/03\/09\/montanay545-000-e\/img_3897\/\",\"alt\":\"\",\"description\":\"\",\"caption\":\"\",\"mime\":\"image\/jpeg\",\"type\":\"image\",\"width\":2016,\"height\":1512,\"sizes\":{\"thumbnail\":{\"url\":\"https:\/\/karine-immo.fr\/wp-content\/uploads\/2026\/03\/IMG_3897-150x150.jpeg\",\"height\":150,\"width\":150,\"orientation\":\"landscape\"},\"medium\":{\"url\":\"https:\/\/karine-immo.fr\/wp-content\/uploads\/2026\/03\/IMG_3897-300x225.jpeg\",\"height\":225,\"width\":300,\"orientation\":\"landscape\"},\"large\":{\"url\":\"https:\/\/karine-immo.fr\/wp-content\/uploads\/2026\/03\/IMG_3897-1024x768.jpeg\",\"height\":768,\"width\":1024,\"orientation\":\"landscape\"},\"full\":{\"url\":\"https:\/\/karine-immo.fr\/wp-content\/uploads\/2026\/03\/IMG_3897.jpeg\",\"height\":1512,\"width\":2016,\"orientation\":\"landscape\"}},\"imageMeta\":{\"aperture\":\"0\",\"credit\":\"\",\"camera\":\"\",\"caption\":\"\",\"created_timestamp\":\"0\",\"copyright\":\"\",\"focal_length\":\"0\",\"iso\":\"0\",\"shutter_speed\":\"0\",\"title\":\"\",\"orientation\":\"1\",\"keywords\":[]},\"meta\":false,\"postlink\":\"https:\/\/karine-immo.fr\/index.php\/2026\/03\/09\/montanay545-000-e\/img_3897\/\"},{\"id\":8855,\"title\":\"IMG_3898\",\"url\":\"https:\/\/karine-immo.fr\/wp-content\/uploads\/2026\/03\/IMG_3898.jpeg\",\"link\":\"https:\/\/karine-immo.fr\/index.php\/2026\/03\/09\/montanay545-000-e\/img_3898\/\",\"alt\":\"\",\"description\":\"\",\"caption\":\"\",\"mime\":\"image\/jpeg\",\"type\":\"image\",\"width\":2016,\"height\":1512,\"sizes\":{\"thumbnail\":{\"url\":\"https:\/\/karine-immo.fr\/wp-content\/uploads\/2026\/03\/IMG_3898-150x150.jpeg\",\"height\":150,\"width\":150,\"orientation\":\"landscape\"},\"medium\":{\"url\":\"https:\/\/karine-immo.fr\/wp-content\/uploads\/2026\/03\/IMG_3898-300x225.jpeg\",\"height\":225,\"width\":300,\"orientation\":\"landscape\"},\"large\":{\"url\":\"https:\/\/karine-immo.fr\/wp-content\/uploads\/2026\/03\/IMG_3898-1024x768.jpeg\",\"height\":768,\"width\":1024,\"orientation\":\"landscape\"},\"full\":{\"url\":\"https:\/\/karine-immo.fr\/wp-content\/uploads\/2026\/03\/IMG_3898.jpeg\",\"height\":1512,\"width\":2016,\"orientation\":\"landscape\"}},\"imageMeta\":{\"aperture\":\"0\",\"credit\":\"\",\"camera\":\"\",\"caption\":\"\",\"created_timestamp\":\"0\",\"copyright\":\"\",\"focal_length\":\"0\",\"iso\":\"0\",\"shutter_speed\":\"0\",\"title\":\"\",\"orientation\":\"1\",\"keywords\":[]},\"meta\":false,\"postlink\":\"https:\/\/karine-immo.fr\/index.php\/2026\/03\/09\/montanay545-000-e\/img_3898\/\"},{\"id\":8856,\"title\":\"IMG_3899\",\"url\":\"https:\/\/karine-immo.fr\/wp-content\/uploads\/2026\/03\/IMG_3899.jpeg\",\"link\":\"https:\/\/karine-immo.fr\/index.php\/2026\/03\/09\/montanay545-000-e\/img_3899\/\",\"alt\":\"\",\"description\":\"\",\"caption\":\"\",\"mime\":\"image\/jpeg\",\"type\":\"image\",\"width\":2016,\"height\":1512,\"sizes\":{\"thumbnail\":{\"url\":\"https:\/\/karine-immo.fr\/wp-content\/uploads\/2026\/03\/IMG_3899-150x150.jpeg\",\"height\":150,\"width\":150,\"orientation\":\"landscape\"},\"medium\":{\"url\":\"https:\/\/karine-immo.fr\/wp-content\/uploads\/2026\/03\/IMG_3899-300x225.jpeg\",\"height\":225,\"width\":300,\"orientation\":\"landscape\"},\"large\":{\"url\":\"https:\/\/karine-immo.fr\/wp-content\/uploads\/2026\/03\/IMG_3899-1024x768.jpeg\",\"height\":768,\"width\":1024,\"orientation\":\"landscape\"},\"full\":{\"url\":\"https:\/\/karine-immo.fr\/wp-content\/uploads\/2026\/03\/IMG_3899.jpeg\",\"height\":1512,\"width\":2016,\"orientation\":\"landscape\"}},\"imageMeta\":{\"aperture\":\"0\",\"credit\":\"\",\"camera\":\"\",\"caption\":\"\",\"created_timestamp\":\"0\",\"copyright\":\"\",\"focal_length\":\"0\",\"iso\":\"0\",\"shutter_speed\":\"0\",\"title\":\"\",\"orientation\":\"1\",\"keywords\":[]},\"meta\":false,\"postlink\":\"https:\/\/karine-immo.fr\/index.php\/2026\/03\/09\/montanay545-000-e\/img_3899\/\"},{\"id\":8857,\"title\":\"IMG_3902\",\"url\":\"https:\/\/karine-immo.fr\/wp-content\/uploads\/2026\/03\/IMG_3902.jpeg\",\"link\":\"https:\/\/karine-immo.fr\/index.php\/2026\/03\/09\/montanay545-000-e\/img_3902\/\",\"alt\":\"\",\"description\":\"\",\"caption\":\"\",\"mime\":\"image\/jpeg\",\"type\":\"image\",\"width\":2016,\"height\":1512,\"sizes\":{\"thumbnail\":{\"url\":\"https:\/\/karine-immo.fr\/wp-content\/uploads\/2026\/03\/IMG_3902-150x150.jpeg\",\"height\":150,\"width\":150,\"orientation\":\"landscape\"},\"medium\":{\"url\":\"https:\/\/karine-immo.fr\/wp-content\/uploads\/2026\/03\/IMG_3902-300x225.jpeg\",\"height\":225,\"width\":300,\"orientation\":\"landscape\"},\"large\":{\"url\":\"https:\/\/karine-immo.fr\/wp-content\/uploads\/2026\/03\/IMG_3902-1024x768.jpeg\",\"height\":768,\"width\":1024,\"orientation\":\"landscape\"},\"full\":{\"url\":\"https:\/\/karine-immo.fr\/wp-content\/uploads\/2026\/03\/IMG_3902.jpeg\",\"height\":1512,\"width\":2016,\"orientation\":\"landscape\"}},\"imageMeta\":{\"aperture\":\"0\",\"credit\":\"\",\"camera\":\"\",\"caption\":\"\",\"created_timestamp\":\"0\",\"copyright\":\"\",\"focal_length\":\"0\",\"iso\":\"0\",\"shutter_speed\":\"0\",\"title\":\"\",\"orientation\":\"1\",\"keywords\":[]},\"meta\":false,\"postlink\":\"https:\/\/karine-immo.fr\/index.php\/2026\/03\/09\/montanay545-000-e\/img_3902\/\"},{\"id\":8858,\"title\":\"IMG_3903\",\"url\":\"https:\/\/karine-immo.fr\/wp-content\/uploads\/2026\/03\/IMG_3903-rotated.jpeg\",\"link\":\"https:\/\/karine-immo.fr\/index.php\/2026\/03\/09\/montanay545-000-e\/img_3903\/\",\"alt\":\"\",\"description\":\"\",\"caption\":\"\",\"mime\":\"image\/jpeg\",\"type\":\"image\",\"width\":1512,\"height\":2016,\"sizes\":{\"thumbnail\":{\"url\":\"https:\/\/karine-immo.fr\/wp-content\/uploads\/2026\/03\/IMG_3903-150x150.jpeg\",\"height\":150,\"width\":150,\"orientation\":\"landscape\"},\"medium\":{\"url\":\"https:\/\/karine-immo.fr\/wp-content\/uploads\/2026\/03\/IMG_3903-225x300.jpeg\",\"height\":300,\"width\":225,\"orientation\":\"portrait\"},\"large\":{\"url\":\"https:\/\/karine-immo.fr\/wp-content\/uploads\/2026\/03\/IMG_3903-768x1024.jpeg\",\"height\":1024,\"width\":768,\"orientation\":\"portrait\"},\"full\":{\"url\":\"https:\/\/karine-immo.fr\/wp-content\/uploads\/2026\/03\/IMG_3903-rotated.jpeg\",\"height\":2016,\"width\":1512,\"orientation\":\"portrait\"}},\"imageMeta\":{\"aperture\":\"0\",\"credit\":\"\",\"camera\":\"\",\"caption\":\"\",\"created_timestamp\":\"0\",\"copyright\":\"\",\"focal_length\":\"0\",\"iso\":\"0\",\"shutter_speed\":\"0\",\"title\":\"\",\"orientation\":1,\"keywords\":[]},\"meta\":false,\"postlink\":\"https:\/\/karine-immo.fr\/index.php\/2026\/03\/09\/montanay545-000-e\/img_3903\/\"},{\"id\":8859,\"title\":\"IMG_3904\",\"url\":\"https:\/\/karine-immo.fr\/wp-content\/uploads\/2026\/03\/IMG_3904.jpeg\",\"link\":\"https:\/\/karine-immo.fr\/index.php\/2026\/03\/09\/montanay545-000-e\/img_3904\/\",\"alt\":\"\",\"description\":\"\",\"caption\":\"\",\"mime\":\"image\/jpeg\",\"type\":\"image\",\"width\":2016,\"height\":1512,\"sizes\":{\"thumbnail\":{\"url\":\"https:\/\/karine-immo.fr\/wp-content\/uploads\/2026\/03\/IMG_3904-150x150.jpeg\",\"height\":150,\"width\":150,\"orientation\":\"landscape\"},\"medium\":{\"url\":\"https:\/\/karine-immo.fr\/wp-content\/uploads\/2026\/03\/IMG_3904-300x225.jpeg\",\"height\":225,\"width\":300,\"orientation\":\"landscape\"},\"large\":{\"url\":\"https:\/\/karine-immo.fr\/wp-content\/uploads\/2026\/03\/IMG_3904-1024x768.jpeg\",\"height\":768,\"width\":1024,\"orientation\":\"landscape\"},\"full\":{\"url\":\"https:\/\/karine-immo.fr\/wp-content\/uploads\/2026\/03\/IMG_3904.jpeg\",\"height\":1512,\"width\":2016,\"orientation\":\"landscape\"}},\"imageMeta\":{\"aperture\":\"0\",\"credit\":\"\",\"camera\":\"\",\"caption\":\"\",\"created_timestamp\":\"0\",\"copyright\":\"\",\"focal_length\":\"0\",\"iso\":\"0\",\"shutter_speed\":\"0\",\"title\":\"\",\"orientation\":\"1\",\"keywords\":[]},\"meta\":false,\"postlink\":\"https:\/\/karine-immo.fr\/index.php\/2026\/03\/09\/montanay545-000-e\/img_3904\/\"},{\"id\":8860,\"title\":\"IMG_3906\",\"url\":\"https:\/\/karine-immo.fr\/wp-content\/uploads\/2026\/03\/IMG_3906.jpeg\",\"link\":\"https:\/\/karine-immo.fr\/index.php\/2026\/03\/09\/montanay545-000-e\/img_3906\/\",\"alt\":\"\",\"description\":\"\",\"caption\":\"\",\"mime\":\"image\/jpeg\",\"type\":\"image\",\"width\":2016,\"height\":1512,\"sizes\":{\"thumbnail\":{\"url\":\"https:\/\/karine-immo.fr\/wp-content\/uploads\/2026\/03\/IMG_3906-150x150.jpeg\",\"height\":150,\"width\":150,\"orientation\":\"landscape\"},\"medium\":{\"url\":\"https:\/\/karine-immo.fr\/wp-content\/uploads\/2026\/03\/IMG_3906-300x225.jpeg\",\"height\":225,\"width\":300,\"orientation\":\"landscape\"},\"large\":{\"url\":\"https:\/\/karine-immo.fr\/wp-content\/uploads\/2026\/03\/IMG_3906-1024x768.jpeg\",\"height\":768,\"width\":1024,\"orientation\":\"landscape\"},\"full\":{\"url\":\"https:\/\/karine-immo.fr\/wp-content\/uploads\/2026\/03\/IMG_3906.jpeg\",\"height\":1512,\"width\":2016,\"orientation\":\"landscape\"}},\"imageMeta\":{\"aperture\":\"0\",\"credit\":\"\",\"camera\":\"\",\"caption\":\"\",\"created_timestamp\":\"0\",\"copyright\":\"\",\"focal_length\":\"0\",\"iso\":\"0\",\"shutter_speed\":\"0\",\"title\":\"\",\"orientation\":\"1\",\"keywords\":[]},\"meta\":false,\"postlink\":\"https:\/\/karine-immo.fr\/index.php\/2026\/03\/09\/montanay545-000-e\/img_3906\/\"},{\"id\":8861,\"title\":\"IMG_3907\",\"url\":\"https:\/\/karine-immo.fr\/wp-content\/uploads\/2026\/03\/IMG_3907.jpeg\",\"link\":\"https:\/\/karine-immo.fr\/index.php\/2026\/03\/09\/montanay545-000-e\/img_3907\/\",\"alt\":\"\",\"description\":\"\",\"caption\":\"\",\"mime\":\"image\/jpeg\",\"type\":\"image\",\"width\":2016,\"height\":1512,\"sizes\":{\"thumbnail\":{\"url\":\"https:\/\/karine-immo.fr\/wp-content\/uploads\/2026\/03\/IMG_3907-150x150.jpeg\",\"height\":150,\"width\":150,\"orientation\":\"landscape\"},\"medium\":{\"url\":\"https:\/\/karine-immo.fr\/wp-content\/uploads\/2026\/03\/IMG_3907-300x225.jpeg\",\"height\":225,\"width\":300,\"orientation\":\"landscape\"},\"large\":{\"url\":\"https:\/\/karine-immo.fr\/wp-content\/uploads\/2026\/03\/IMG_3907-1024x768.jpeg\",\"height\":768,\"width\":1024,\"orientation\":\"landscape\"},\"full\":{\"url\":\"https:\/\/karine-immo.fr\/wp-content\/uploads\/2026\/03\/IMG_3907.jpeg\",\"height\":1512,\"width\":2016,\"orientation\":\"landscape\"}},\"imageMeta\":{\"aperture\":\"0\",\"credit\":\"\",\"camera\":\"\",\"caption\":\"\",\"created_timestamp\":\"0\",\"copyright\":\"\",\"focal_length\":\"0\",\"iso\":\"0\",\"shutter_speed\":\"0\",\"title\":\"\",\"orientation\":\"1\",\"keywords\":[]},\"meta\":false,\"postlink\":\"https:\/\/karine-immo.fr\/index.php\/2026\/03\/09\/montanay545-000-e\/img_3907\/\"},{\"id\":8821,\"title\":\"Lacroix F Montanay (6).jpg\",\"url\":\"https:\/\/karine-immo.fr\/wp-content\/uploads\/2026\/03\/Lacroix-F-Montanay-6.jpg.jpg\",\"link\":\"https:\/\/karine-immo.fr\/index.php\/2026\/03\/09\/montanay545-000-e\/lacroix-f-montanay-6-jpg\/\",\"alt\":\"\",\"description\":\"\",\"caption\":\"\",\"mime\":\"image\/jpeg\",\"type\":\"image\",\"width\":1134,\"height\":2016,\"sizes\":{\"thumbnail\":{\"url\":\"https:\/\/karine-immo.fr\/wp-content\/uploads\/2026\/03\/Lacroix-F-Montanay-6.jpg-150x150.jpg\",\"height\":150,\"width\":150,\"orientation\":\"landscape\"},\"medium\":{\"url\":\"https:\/\/karine-immo.fr\/wp-content\/uploads\/2026\/03\/Lacroix-F-Montanay-6.jpg-169x300.jpg\",\"height\":300,\"width\":169,\"orientation\":\"portrait\"},\"large\":{\"url\":\"https:\/\/karine-immo.fr\/wp-content\/uploads\/2026\/03\/Lacroix-F-Montanay-6.jpg-576x1024.jpg\",\"height\":1024,\"width\":576,\"orientation\":\"portrait\"},\"full\":{\"url\":\"https:\/\/karine-immo.fr\/wp-content\/uploads\/2026\/03\/Lacroix-F-Montanay-6.jpg.jpg\",\"height\":2016,\"width\":1134,\"orientation\":\"portrait\"}},\"imageMeta\":{\"aperture\":\"0\",\"credit\":\"\",\"camera\":\"\",\"caption\":\"\",\"created_timestamp\":\"0\",\"copyright\":\"\",\"focal_length\":\"0\",\"iso\":\"0\",\"shutter_speed\":\"0\",\"title\":\"\",\"orientation\":\"0\",\"keywords\":[]},\"meta\":false,\"postlink\":\"https:\/\/karine-immo.fr\/index.php\/2026\/03\/09\/montanay545-000-e\/lacroix-f-montanay-6-jpg\/\"},{\"id\":8820,\"title\":\"Lacroix F Montanay (5).jpg\",\"url\":\"https:\/\/karine-immo.fr\/wp-content\/uploads\/2026\/03\/Lacroix-F-Montanay-5.jpg.jpg\",\"link\":\"https:\/\/karine-immo.fr\/index.php\/2026\/03\/09\/montanay545-000-e\/lacroix-f-montanay-5-jpg\/\",\"alt\":\"\",\"description\":\"\",\"caption\":\"\",\"mime\":\"image\/jpeg\",\"type\":\"image\",\"width\":1134,\"height\":2016,\"sizes\":{\"thumbnail\":{\"url\":\"https:\/\/karine-immo.fr\/wp-content\/uploads\/2026\/03\/Lacroix-F-Montanay-5.jpg-150x150.jpg\",\"height\":150,\"width\":150,\"orientation\":\"landscape\"},\"medium\":{\"url\":\"https:\/\/karine-immo.fr\/wp-content\/uploads\/2026\/03\/Lacroix-F-Montanay-5.jpg-169x300.jpg\",\"height\":300,\"width\":169,\"orientation\":\"portrait\"},\"large\":{\"url\":\"https:\/\/karine-immo.fr\/wp-content\/uploads\/2026\/03\/Lacroix-F-Montanay-5.jpg-576x1024.jpg\",\"height\":1024,\"width\":576,\"orientation\":\"portrait\"},\"full\":{\"url\":\"https:\/\/karine-immo.fr\/wp-content\/uploads\/2026\/03\/Lacroix-F-Montanay-5.jpg.jpg\",\"height\":2016,\"width\":1134,\"orientation\":\"portrait\"}},\"imageMeta\":{\"aperture\":\"0\",\"credit\":\"\",\"camera\":\"\",\"caption\":\"\",\"created_timestamp\":\"0\",\"copyright\":\"\",\"focal_length\":\"0\",\"iso\":\"0\",\"shutter_speed\":\"0\",\"title\":\"\",\"orientation\":\"0\",\"keywords\":[]},\"meta\":false,\"postlink\":\"https:\/\/karine-immo.fr\/index.php\/2026\/03\/09\/montanay545-000-e\/lacroix-f-montanay-5-jpg\/\"},{\"id\":8819,\"title\":\"Lacroix F Montanay (4).jpg\",\"url\":\"https:\/\/karine-immo.fr\/wp-content\/uploads\/2026\/03\/Lacroix-F-Montanay-4.jpg.jpg\",\"link\":\"https:\/\/karine-immo.fr\/index.php\/2026\/03\/09\/montanay545-000-e\/lacroix-f-montanay-4-jpg\/\",\"alt\":\"\",\"description\":\"\",\"caption\":\"\",\"mime\":\"image\/jpeg\",\"type\":\"image\",\"width\":2016,\"height\":1134,\"sizes\":{\"thumbnail\":{\"url\":\"https:\/\/karine-immo.fr\/wp-content\/uploads\/2026\/03\/Lacroix-F-Montanay-4.jpg-150x150.jpg\",\"height\":150,\"width\":150,\"orientation\":\"landscape\"},\"medium\":{\"url\":\"https:\/\/karine-immo.fr\/wp-content\/uploads\/2026\/03\/Lacroix-F-Montanay-4.jpg-300x169.jpg\",\"height\":169,\"width\":300,\"orientation\":\"landscape\"},\"large\":{\"url\":\"https:\/\/karine-immo.fr\/wp-content\/uploads\/2026\/03\/Lacroix-F-Montanay-4.jpg-1024x576.jpg\",\"height\":576,\"width\":1024,\"orientation\":\"landscape\"},\"full\":{\"url\":\"https:\/\/karine-immo.fr\/wp-content\/uploads\/2026\/03\/Lacroix-F-Montanay-4.jpg.jpg\",\"height\":1134,\"width\":2016,\"orientation\":\"landscape\"}},\"imageMeta\":{\"aperture\":\"0\",\"credit\":\"\",\"camera\":\"\",\"caption\":\"\",\"created_timestamp\":\"0\",\"copyright\":\"\",\"focal_length\":\"0\",\"iso\":\"0\",\"shutter_speed\":\"0\",\"title\":\"\",\"orientation\":\"0\",\"keywords\":[]},\"meta\":false,\"postlink\":\"https:\/\/karine-immo.fr\/index.php\/2026\/03\/09\/montanay545-000-e\/lacroix-f-montanay-4-jpg\/\"},{\"id\":8816,\"title\":\"Lacroix F Montanay (2)\",\"url\":\"https:\/\/karine-immo.fr\/wp-content\/uploads\/2026\/03\/Lacroix-F-Montanay-2.jpg\",\"link\":\"https:\/\/karine-immo.fr\/index.php\/2026\/03\/09\/montanay545-000-e\/lacroix-f-montanay-2\/\",\"alt\":\"\",\"description\":\"\",\"caption\":\"\",\"mime\":\"image\/jpeg\",\"type\":\"image\",\"width\":2016,\"height\":1264,\"sizes\":{\"thumbnail\":{\"url\":\"https:\/\/karine-immo.fr\/wp-content\/uploads\/2026\/03\/Lacroix-F-Montanay-2-150x150.jpg\",\"height\":150,\"width\":150,\"orientation\":\"landscape\"},\"medium\":{\"url\":\"https:\/\/karine-immo.fr\/wp-content\/uploads\/2026\/03\/Lacroix-F-Montanay-2-300x188.jpg\",\"height\":188,\"width\":300,\"orientation\":\"landscape\"},\"large\":{\"url\":\"https:\/\/karine-immo.fr\/wp-content\/uploads\/2026\/03\/Lacroix-F-Montanay-2-1024x642.jpg\",\"height\":642,\"width\":1024,\"orientation\":\"landscape\"},\"full\":{\"url\":\"https:\/\/karine-immo.fr\/wp-content\/uploads\/2026\/03\/Lacroix-F-Montanay-2.jpg\",\"height\":1264,\"width\":2016,\"orientation\":\"landscape\"}},\"imageMeta\":{\"aperture\":\"0\",\"credit\":\"\",\"camera\":\"\",\"caption\":\"\",\"created_timestamp\":\"0\",\"copyright\":\"\",\"focal_length\":\"0\",\"iso\":\"0\",\"shutter_speed\":\"0\",\"title\":\"\",\"orientation\":\"1\",\"keywords\":[]},\"meta\":false,\"postlink\":\"https:\/\/karine-immo.fr\/index.php\/2026\/03\/09\/montanay545-000-e\/lacroix-f-montanay-2\/\"}],\"itemsMetaDataCollection\":[]}<\/script><script>(function(){if(window.PGC_SGB && window.PGC_SGB.searcher){window.PGC_SGB.searcher.initBlocks()}})()<\/script><\/div>\n\n\n<figure class=\"wp-block-video\"><\/figure>\n\n\n\n<div class=\"wp-block-group is-layout-flow wp-block-group-is-layout-flow\">\n<div class=\"wp-block-columns is-layout-flex wp-container-core-columns-is-layout-1 wp-block-columns-is-layout-flex\">\n<div class=\"wp-block-column is-layout-flow wp-block-column-is-layout-flow\">\n<div class=\"wp-block-buttons is-layout-flex wp-block-buttons-is-layout-flex\">\n<div class=\"wp-block-button\"><a class=\"wp-block-button__link has-white-color has-text-color has-background wp-element-button\" style=\"background-color:#dae61a\">D 174<\/a><\/div>\n<\/div>\n<\/div>\n\n\n\n<div class=\"wp-block-column is-layout-flow wp-block-column-is-layout-flow\">\n<div class=\"wp-block-buttons is-layout-flex wp-block-buttons-is-layout-flex\">\n<div class=\"wp-block-button\"><a class=\"wp-block-button__link has-white-color has-text-color has-background wp-element-button\" style=\"background-color:#a97efa\">D 36<\/a><\/div>\n<\/div>\n<\/div>\n<\/div>\n\n\n\n<p><\/p>\n<\/div>\n\n\n\n<p>\u201cLes informations sur les risques auxquels ce bien est expos\u00e9 sont disponibles sur le site G\u00e9orisques <a href=\"https:\/\/c.groupeseloger.com\/optiext\/optiextension.dll?ID=fa93N_N-KOEQah00QSEZpF1hvry6ruI8u13GAy4lo1CsrGh1yi6cmwJn1xSdhCik6dWCsBruuEE1UmoBZ24\" target=\"_blank\" rel=\"noopener\"><strong>http:\/\/www.georisques.gouv.fr<\/strong><\/a>\u201d.<\/p>\n","protected":false},"excerpt":{"rendered":"<p>Exclusivit\u00e9, maison de village avec jardinet et stationnement<\/p>\n","protected":false},"author":1,"featured_media":8815,"comment_status":"closed","ping_status":"closed","sticky":false,"template":"","format":"standard","meta":{"pgc_sgb_lightbox_settings":"","footnotes":""},"categories":[4],"tags":[52,66,41,131],"_links":{"self":[{"href":"https:\/\/karine-immo.fr\/index.php\/wp-json\/wp\/v2\/posts\/8811"}],"collection":[{"href":"https:\/\/karine-immo.fr\/index.php\/wp-json\/wp\/v2\/posts"}],"about":[{"href":"https:\/\/karine-immo.fr\/index.php\/wp-json\/wp\/v2\/types\/post"}],"author":[{"embeddable":true,"href":"https:\/\/karine-immo.fr\/index.php\/wp-json\/wp\/v2\/users\/1"}],"replies":[{"embeddable":true,"href":"https:\/\/karine-immo.fr\/index.php\/wp-json\/wp\/v2\/comments?post=8811"}],"version-history":[{"count":4,"href":"https:\/\/karine-immo.fr\/index.php\/wp-json\/wp\/v2\/posts\/8811\/revisions"}],"predecessor-version":[{"id":8959,"href":"https:\/\/karine-immo.fr\/index.php\/wp-json\/wp\/v2\/posts\/8811\/revisions\/8959"}],"wp:featuredmedia":[{"embeddable":true,"href":"https:\/\/karine-immo.fr\/index.php\/wp-json\/wp\/v2\/media\/8815"}],"wp:attachment":[{"href":"https:\/\/karine-immo.fr\/index.php\/wp-json\/wp\/v2\/media?parent=8811"}],"wp:term":[{"taxonomy":"category","embeddable":true,"href":"https:\/\/karine-immo.fr\/index.php\/wp-json\/wp\/v2\/categories?post=8811"},{"taxonomy":"post_tag","embeddable":true,"href":"https:\/\/karine-immo.fr\/index.php\/wp-json\/wp\/v2\/tags?post=8811"}],"curies":[{"name":"wp","href":"https:\/\/api.w.org\/{rel}","templated":true}]}}